{"id":52444,"date":"2025-04-19T00:51:32","date_gmt":"2025-04-19T00:51:32","guid":{"rendered":"https:\/\/cummingscentre.org\/bridging-generations-understanding-antisemitism-and-combating-prejudice-through-holocaust-education\/"},"modified":"2025-04-24T20:23:06","modified_gmt":"2025-04-24T20:23:06","slug":"bridging-generations-understanding-antisemitism-and-combating-prejudice-through-holocaust-education","status":"publish","type":"post","link":"https:\/\/cummingscentre.org\/fr\/bridging-generations-understanding-antisemitism-and-combating-prejudice-through-holocaust-education\/","title":{"rendered":"Unir les g\u00e9n\u00e9rations\u00a0: Comprendre l&rsquo;antis\u00e9mitisme et combattre les pr\u00e9jug\u00e9s par l&rsquo;enseignement de l&rsquo;Holocauste"},"content":{"rendered":"\n<p>Janvier 2025 a marqu\u00e9 le 80e anniversaire de la lib\u00e9ration d&rsquo;Auschwitz-Birkenau, \u00e0 l&rsquo;occasion de la Journ\u00e9e internationale d\u00e9di\u00e9e \u00e0 la m\u00e9moire des victimes de l\u2019Holocauste. Les Juifs du monde entier s&rsquo;uniront pour comm\u00e9morer les six millions de victimes juives de l&rsquo;Holocauste.<\/p>\n\n\n\n<p>L&rsquo;enseignante d&rsquo;anglais Jenna Taylor Novosad, de l&rsquo;\u00e9cole secondaire Loyola, une \u00e9cole priv\u00e9e mixte catholique j\u00e9suite situ\u00e9e \u00e0 Montr\u00e9al, a dirig\u00e9 un projet sur les st\u00e9r\u00e9otypes, les pr\u00e9jug\u00e9s et les biais, en se concentrant sur l&rsquo;histoire de l&rsquo;antis\u00e9mitisme. Les \u00e9l\u00e8ves ont cr\u00e9\u00e9 un livre fait main intitul\u00e9 \u00ab\u00a0Six points de force; six millions d&rsquo;\u00e2mes\u00a0\u00bb, comportant des po\u00e8mes et des \u0153uvres d&rsquo;art inspir\u00e9s de la r\u00e9silience des survivants de l&rsquo;Holocauste. Le projet a culmin\u00e9 par une visite au Centre Cummings, o\u00f9 les \u00e9l\u00e8ves ont rencontr\u00e9 des survivants, partageant des histoires de force et de courage. Cet \u00e9change significatif a profond\u00e9ment \u00e9mu tant les \u00e9l\u00e8ves que les survivants, favorisant l&rsquo;espoir et la compr\u00e9hension.&nbsp;<\/p>\n\n\n\n<p>\u00ab\u00a0Mon inspiration pour ce projet provient des mots de Ram Dass : &lsquo;Nous marchons tous ensemble pour rentrer chez nous.&rsquo; Je ne suis pas juive, mais je suis humaine. Je suis devenue enseignante dans l&rsquo;intention de rappeler \u00e0 mes \u00e9l\u00e8ves que nous portons tous la m\u00eame lumi\u00e8re en nous. La lumi\u00e8re voyage vite, et ce projet en est un v\u00e9ritable t\u00e9moignage. En partageant ces histoires incroyables, nous nous rappelons que cette haine ne doit jamais se reproduire. La compassion, l&rsquo;attachement et l&#8217;empathie &#8211; ce sont les sentiments partag\u00e9s entre mes \u00e9l\u00e8ves et les survivants, et ce sont les qualit\u00e9s dont le monde a besoin davantage.\u00a0\u00bb Jenna Taylor Novosad, enseignante d&rsquo;anglais \u00e0 <a href=\"https:\/\/www.facebook.com\/LoyolaCubs?__cft__%5b0%5d=AZUyFQQzWTl2DlG9XJ-ggDXl6PbHReWDQ5c173UKDqk2oYCTUdezCEOUzK3TrpkgzP755J8_pO9TC7WL8y2-_aFV8aDn2f91VW9EjLcDSagY3E5spvMWmCiKuI6HbZQnELJFWrs_ENWAcg_CaMR_V8l1GEzVro1BSABm0KkmafKuYEI3fKGa4TTYcuwKIQ1cq6NKGgJ4E44QzCzEwms0wXP1&amp;__tn__=-%5dK-R\">Loyola High School<\/a>.<\/p>\n\n\n\n<p>Pour en savoir plus sur les services destin\u00e9s aux survivants de l&rsquo;Holocauste, appelez l\u2019accueil au 514.343.3514.<\/p>\n","protected":false},"excerpt":{"rendered":"<p>Janvier 2025 a marqu\u00e9 le 80e anniversaire de la lib\u00e9ration d&rsquo;Auschwitz-Birkenau, \u00e0 l&rsquo;occasion de la Journ\u00e9e internationale d\u00e9di\u00e9e \u00e0 la m\u00e9moire des victimes de l\u2019Holocauste.<\/p>\n","protected":false},"author":12,"featured_media":51608,"comment_status":"closed","ping_status":"closed","sticky":false,"template":"","format":"standard","meta":{"footnotes":""},"categories":[56],"tags":[],"class_list":["post-52444","post","type-post","status-publish","format-standard","has-post-thumbnail","hentry","category-services-sociaux"],"aioseo_notices":[],"_links":{"self":[{"href":"https:\/\/cummingscentre.org\/fr\/wp-json\/wp\/v2\/posts\/52444","targetHints":{"allow":["GET"]}}],"collection":[{"href":"https:\/\/cummingscentre.org\/fr\/wp-json\/wp\/v2\/posts"}],"about":[{"href":"https:\/\/cummingscentre.org\/fr\/wp-json\/wp\/v2\/types\/post"}],"author":[{"embeddable":true,"href":"https:\/\/cummingscentre.org\/fr\/wp-json\/wp\/v2\/users\/12"}],"replies":[{"embeddable":true,"href":"https:\/\/cummingscentre.org\/fr\/wp-json\/wp\/v2\/comments?post=52444"}],"version-history":[{"count":3,"href":"https:\/\/cummingscentre.org\/fr\/wp-json\/wp\/v2\/posts\/52444\/revisions"}],"predecessor-version":[{"id":52599,"href":"https:\/\/cummingscentre.org\/fr\/wp-json\/wp\/v2\/posts\/52444\/revisions\/52599"}],"wp:featuredmedia":[{"embeddable":true,"href":"https:\/\/cummingscentre.org\/fr\/wp-json\/wp\/v2\/media\/51608"}],"wp:attachment":[{"href":"https:\/\/cummingscentre.org\/fr\/wp-json\/wp\/v2\/media?parent=52444"}],"wp:term":[{"taxonomy":"category","embeddable":true,"href":"https:\/\/cummingscentre.org\/fr\/wp-json\/wp\/v2\/categories?post=52444"},{"taxonomy":"post_tag","embeddable":true,"href":"https:\/\/cummingscentre.org\/fr\/wp-json\/wp\/v2\/tags?post=52444"}],"curies":[{"name":"wp","href":"https:\/\/api.w.org\/{rel}","templated":true}]}}